{"id":45838,"date":"2026-09-04T09:00:56","date_gmt":"2026-09-04T14:00:56","guid":{"rendered":"https:\/\/galilaqr.com\/?p=45838"},"modified":"2026-09-04T11:49:45","modified_gmt":"2026-09-04T16:49:45","slug":"galilea-montijo-confirma-que-un-nuevo-habitante-entrara-a-la-casa-de-los-famosos","status":"publish","type":"post","link":"https:\/\/galilaqr.com\/?p=45838","title":{"rendered":"Galilea Montijo confirma que un nuevo habitante entrar\u00e1 a &#8216;La Casa de los Famosos&#8217;"},"content":{"rendered":"<p>\ud83d\udd38 Ser\u00e1 un evento especial en la historia del reality show.<\/p>\n<p>#ESPECT\u00c1CULOS | \u00a1Los rumores eran ciertos! Un nuevo habitantes entrar\u00e1 a La Casa de los Famosos M\u00e9xico\u00a0(LCDLFM) el domingo 06 de septiembre tras la inesperada salida de Aldo Rend\u00f3n.<\/p>\n<p>Fue Galilea Montijo quien confirm\u00f3 esta informaci\u00f3n a trav\u00e9s de las redes sociales oficiales del programa; no revel\u00f3 la identidad del nuevo habitante, pero que ser\u00e1 un evento especial en la historia del reality show.<\/p>\n<p>\u00abPor el carrusel de La Casa hemos visto pasar much\u00edsimas historias, l\u00e1grimas, sonrisas, triunfos, derrotas, emotivos regresos y tristes despedidas, pero nunca nada como esto. Este domingo entrar\u00e1 por el carrusel un nuevo habitante\u00bb, dijo.<\/p>\n<p>Aldo Rend\u00f3n abandon\u00f3 LCDLFM el pasado martes 01 de septiembre por problemas de salud y, en cuanto rompi\u00f3 el aislamiento, surgieron fuertes rumores qu\u00e9 pasar\u00eda con el lugar que dej\u00f3 vacante.<\/p>\n<p>Entre las alternativas, algunos fan\u00e1ticos del reality show contemplaron la posibilidad de que entrara un nuevo habitante y entre los artistas e influencer que se mencionaron, destac\u00f3 Yeri Mua.<\/p>\n<p>Y es que la cantante ya hab\u00eda sido mencionada como una posible habitante de la cuarta temporada del programa antes de que iniciara, pero esto no ocurri\u00f3.<\/p>\n<p>La posibilidad revivi\u00f3 tras la salida de Aldo Rend\u00f3n, sin embargo, Yeri Mua lo desminti\u00f3 en un reciente encuentro con medios.<\/p>\n<p>\u00abNo es verdad, no s\u00e9 de d\u00f3nde sali\u00f3 el rumor. Yo creo que fue porque hace poquito opin\u00e9 de que &#8216;Oigan, puro mueble, ya nos est\u00e1 aburriendo, ya me dio sue\u00f1o. Metan a una pinch* vieja loca como yo&#8217;. Yo creo que por eso empezaron a decir &#8216;ya van a meter a Yeri Mua'\u00bb, dijo ante c\u00e1maras y micr\u00f3fonos.<\/p>\n<p>La cantante no descart\u00f3 la posibilidad de participar en alg\u00fan momento, pero bajo ciertas condiciones: \u00abNo me van a ver el domingo por ah\u00ed al menos que me marquen y me digan: &#8216;Yeri, te queremos por ac\u00e1'\u00bb.<\/p>\n<p>Aunque la artista puso un alto a las especulaciones, \u00e9stas siguieron creciendo por un comentario que Galilea Montijo le hizo en Instagram y ella presumi\u00f3 en sus historias.<\/p>\n<p>El cantante y exintegrante de OV7 tambi\u00e9n figur\u00f3 entre los candidatos del p\u00fablico para entrar al reality show.<\/p>\n<p>\u200bLas especulaciones surgieron a ra\u00edz de la supuesta enemistad que tendr\u00eda con su excompa\u00f1era de agrupaci\u00f3n y actual participante de LCDLFM, Mariana Ochoa. Sin embargo, no se ha pronunciado al respecto hasta el momento.<\/p>\n<p>Martha Figueroa habl\u00f3 sobre esta posibilidad en su canal de YouTube, incluso brome\u00f3 con contribuir econ\u00f3micamente para solventar su sueldo para ver ese encuentro entre Ari Borovoy y Mariana Ochoa.<\/p>\n<p>\u00abMe encantar\u00eda, o sea yo pago, cu\u00e1nto hay que ponerle (Rosa Mar\u00eda), aqu\u00ed hago vaquita y ponemos todos para que entre Ari Borovoy. Se sabe que actualmente, a parte de Aldo, en el mundo, es el archienemigo de Mariana Ochoa\u00bb, dijo.<\/p>\n<p>#GalileaMontijo #Confirma #Nuevo #Habitante #Entrar\u00e1 #LCDLF #M\u00e9xico<\/p>\n","protected":false},"excerpt":{"rendered":"<p>\ud83d\udd38 Ser\u00e1 un evento especial en la historia del reality show. #ESPECT\u00c1CULOS | \u00a1Los rumores eran ciertos! Un nuevo habitantes entrar\u00e1 a La Casa de los Famosos M\u00e9xico\u00a0(LCDLFM) el domingo 06 de septiembre tras la inesperada salida de Aldo Rend\u00f3n. Fue Galilea Montijo quien confirm\u00f3 esta informaci\u00f3n a trav\u00e9s de las redes sociales oficiales del [&hellip;]<\/p>\n","protected":false},"author":1,"featured_media":45840,"comment_status":"open","ping_status":"closed","sticky":false,"template":"","format":"standard","meta":{"footnotes":""},"categories":[4],"tags":[],"class_list":["post-45838","post","type-post","status-publish","format-standard","has-post-thumbnail","hentry","category-espectaculos"],"_links":{"self":[{"href":"https:\/\/galilaqr.com\/index.php?rest_route=\/wp\/v2\/posts\/45838","targetHints":{"allow":["GET"]}}],"collection":[{"href":"https:\/\/galilaqr.com\/index.php?rest_route=\/wp\/v2\/posts"}],"about":[{"href":"https:\/\/galilaqr.com\/index.php?rest_route=\/wp\/v2\/types\/post"}],"author":[{"embeddable":true,"href":"https:\/\/galilaqr.com\/index.php?rest_route=\/wp\/v2\/users\/1"}],"replies":[{"embeddable":true,"href":"https:\/\/galilaqr.com\/index.php?rest_route=%2Fwp%2Fv2%2Fcomments&post=45838"}],"version-history":[{"count":1,"href":"https:\/\/galilaqr.com\/index.php?rest_route=\/wp\/v2\/posts\/45838\/revisions"}],"predecessor-version":[{"id":45839,"href":"https:\/\/galilaqr.com\/index.php?rest_route=\/wp\/v2\/posts\/45838\/revisions\/45839"}],"wp:featuredmedia":[{"embeddable":true,"href":"https:\/\/galilaqr.com\/index.php?rest_route=\/wp\/v2\/media\/45840"}],"wp:attachment":[{"href":"https:\/\/galilaqr.com\/index.php?rest_route=%2Fwp%2Fv2%2Fmedia&parent=45838"}],"wp:term":[{"taxonomy":"category","embeddable":true,"href":"https:\/\/galilaqr.com\/index.php?rest_route=%2Fwp%2Fv2%2Fcategories&post=45838"},{"taxonomy":"post_tag","embeddable":true,"href":"https:\/\/galilaqr.com\/index.php?rest_route=%2Fwp%2Fv2%2Ftags&post=45838"}],"curies":[{"name":"wp","href":"https:\/\/api.w.org\/{rel}","templated":true}]}}