{"id":45721,"date":"2026-08-30T09:00:47","date_gmt":"2026-08-30T14:00:47","guid":{"rendered":"https:\/\/galilaqr.com\/?p=45721"},"modified":"2026-08-31T08:30:24","modified_gmt":"2026-08-31T13:30:24","slug":"barcelona-anuncia-la-salida-del-lateral-espanol-hector-fort-rumbo-a-la-real-sociedad","status":"publish","type":"post","link":"https:\/\/galilaqr.com\/?p=45721","title":{"rendered":"Barcelona anuncia la salida del lateral espa\u00f1ol H\u00e9ctor Fort rumbo a la Real Sociedad"},"content":{"rendered":"<p>\ud83d\udd38 El lateral catal\u00e1n firmar\u00e1 un contrato para jugar con el conjunto de San Sebasti\u00e1n hasta 2031.<\/p>\n<p>#DEPORTES | El Barcelona hizo oficial ayer s\u00e1bado el traspaso a la Real Sociedad del lateral H\u00e9ctor Fort, que firma un contrato con el club vasco hasta el 30 de junio de 2031.<\/p>\n<p>El zaguero catal\u00e1n no entraba en los planes del entrenador del equipo azulgrana, Hansi Flick, y en las \u00faltimas semanas se hab\u00eda entrenado al margen de sus compa\u00f1eros a la espera de resolver su futuro.<\/p>\n<p>En su comunicado, el Barcelona no detalla las cantidades de la operaci\u00f3n, pero precisa que se reserva una opci\u00f3n de recompra y un porcentaje de una futura venta del jugador.<\/p>\n<p>Seg\u00fan diversos medios, la Real Sociedad ha pagado a la entidad azulgrana unos ocho millones de euros por el 50% de la propiedad del futbolista.<\/p>\n<p>H\u00e9ctor Fort (Barcelona, 2006) se incorpor\u00f3 a La Mas\u00eda en 2013 y, tras destacar en todas las categor\u00edas inferiores del Barcelona, debut\u00f3 con el primer equipo en 2023 en un encuentro de la Champions League ante el Amberes.<\/p>\n<p>Durante su etapa en el primer equipo azulgrana disput\u00f3 30 partidos antes de su cesi\u00f3n la temporada pasada (2025-26) al Elche, con el que firm\u00f3 tres goles y dos asistencias en 17 partidos.<\/p>\n<p>Fort, de 20 a\u00f1os de edad, es un defensa polivalente que puede jugar tanto en el lateral derecho, su posici\u00f3n natural, como en el izquierdo. Destaca por su velocidad por la banda y su capacidad de llegada al \u00e1rea.<\/p>\n<p>#Barcelona #Anuncia #Salida #Lateral #Espa\u00f1ol #H\u00e9ctorFort #Rumbo #RealSociedad<\/p>\n","protected":false},"excerpt":{"rendered":"<p>\ud83d\udd38 El lateral catal\u00e1n firmar\u00e1 un contrato para jugar con el conjunto de San Sebasti\u00e1n hasta 2031. #DEPORTES | El Barcelona hizo oficial ayer s\u00e1bado el traspaso a la Real Sociedad del lateral H\u00e9ctor Fort, que firma un contrato con el club vasco hasta el 30 de junio de 2031. El zaguero catal\u00e1n no entraba [&hellip;]<\/p>\n","protected":false},"author":1,"featured_media":45723,"comment_status":"open","ping_status":"closed","sticky":false,"template":"","format":"standard","meta":{"footnotes":""},"categories":[3],"tags":[],"class_list":["post-45721","post","type-post","status-publish","format-standard","has-post-thumbnail","hentry","category-deportes"],"_links":{"self":[{"href":"https:\/\/galilaqr.com\/index.php?rest_route=\/wp\/v2\/posts\/45721","targetHints":{"allow":["GET"]}}],"collection":[{"href":"https:\/\/galilaqr.com\/index.php?rest_route=\/wp\/v2\/posts"}],"about":[{"href":"https:\/\/galilaqr.com\/index.php?rest_route=\/wp\/v2\/types\/post"}],"author":[{"embeddable":true,"href":"https:\/\/galilaqr.com\/index.php?rest_route=\/wp\/v2\/users\/1"}],"replies":[{"embeddable":true,"href":"https:\/\/galilaqr.com\/index.php?rest_route=%2Fwp%2Fv2%2Fcomments&post=45721"}],"version-history":[{"count":1,"href":"https:\/\/galilaqr.com\/index.php?rest_route=\/wp\/v2\/posts\/45721\/revisions"}],"predecessor-version":[{"id":45722,"href":"https:\/\/galilaqr.com\/index.php?rest_route=\/wp\/v2\/posts\/45721\/revisions\/45722"}],"wp:featuredmedia":[{"embeddable":true,"href":"https:\/\/galilaqr.com\/index.php?rest_route=\/wp\/v2\/media\/45723"}],"wp:attachment":[{"href":"https:\/\/galilaqr.com\/index.php?rest_route=%2Fwp%2Fv2%2Fmedia&parent=45721"}],"wp:term":[{"taxonomy":"category","embeddable":true,"href":"https:\/\/galilaqr.com\/index.php?rest_route=%2Fwp%2Fv2%2Fcategories&post=45721"},{"taxonomy":"post_tag","embeddable":true,"href":"https:\/\/galilaqr.com\/index.php?rest_route=%2Fwp%2Fv2%2Ftags&post=45721"}],"curies":[{"name":"wp","href":"https:\/\/api.w.org\/{rel}","templated":true}]}}