{"id":42063,"date":"2026-05-02T12:00:16","date_gmt":"2026-05-02T17:00:16","guid":{"rendered":"https:\/\/galilaqr.com\/?p=42063"},"modified":"2026-05-02T23:17:24","modified_gmt":"2026-05-03T04:17:24","slug":"chino-huerta-regresa-a-los-entrenamientos-con-anderlecht-y-se-ilusiona-con-subirse-al-mundial","status":"publish","type":"post","link":"https:\/\/galilaqr.com\/?p=42063","title":{"rendered":"&#8216;Chino&#8217; Huerta regresa a los entrenamientos con Anderlecht y se ilusiona con subirse al Mundial"},"content":{"rendered":"<p>\ud83d\udd38 El entrenador Jeremy Taravel confirm\u00f3 la presencia del mexicano en las pr\u00e1cticas del primer equipo tras su cirug\u00eda en la p\u00e9lvis.<\/p>\n<p>#DEPORTES | Buenas noticias para el Anderlecht y la Selecci\u00f3n Mexicana: C\u00e9sar Huerta por fin regresa a los entrenamientos despu\u00e9s de ser operado en la p\u00e9lvis el pasado noviembre para sanar la pubalgia.<\/p>\n<p>El entrenador del Anderlecht, Jeremy Taravel, asegur\u00f3 en conferencia de prensa, previo al partido ante el Brujas, que el mexicano ya se incorpor\u00f3 a las pr\u00e1cticas grupales de cara al cierre de la temporada.<\/p>\n<p>\u00abEstamos monitoreando d\u00eda a d\u00eda su reacci\u00f3n a los entrenamientos, pero la intenci\u00f3n es que juegue con nosotros esta temporada. \u00c9l tambi\u00e9n quiere sumar minutos pensando en el Mundial con M\u00e9xico\u00bb, expres\u00f3.<br \/>\nHuerta regresar\u00e1 en un momento clave de la temporada, ya que el Anderlecht afronta la ronda de playoffs de la Belgian Pro League; de momento est\u00e1 en la cuarta posici\u00f3n con 28 unidades, lejos de alcanzar al l\u00edder Union Saint-Gilloise (46).<\/p>\n<p>Por lo tanto, el duelo ante el Brujas, en la sexta fecha de la ronda de playoffs, ya que podr\u00eda afianzar un boleto para jugar la Europa League en la siguiente temporada.<\/p>\n<p>Adem\u00e1s, ya podr\u00e1 ser considerado por Javier Aguirre para subirse de \u00faltimo minuto a la convocatoria a la Copa del Mundo. Desde el mes de septiembre, Chino no ha podido vestir la camiseta del Tricolor por molestias f\u00edsicas, hasta que despu\u00e9s se le diagnostic\u00f3 una pubalgia que requiri\u00f3 cirug\u00eda.<\/p>\n<p>De momento, el Vasco ha revelado una lista de jugadores de la Liga MX que iniciaron la concentraci\u00f3n rumbo al Mundial; sin embargo, tendr\u00e1 hasta el 11 de junio para revelar la lista definitiva de 26 futbolitas que disputar\u00e1n la justa mundialista.<\/p>\n<p>#C\u00e9sarHuerta #ChinoHuerta #Regresa #Entrenamientos #Con #Anderlecht<\/p>\n","protected":false},"excerpt":{"rendered":"<p>\ud83d\udd38 El entrenador Jeremy Taravel confirm\u00f3 la presencia del mexicano en las pr\u00e1cticas del primer equipo tras su cirug\u00eda en la p\u00e9lvis. #DEPORTES | Buenas noticias para el Anderlecht y la Selecci\u00f3n Mexicana: C\u00e9sar Huerta por fin regresa a los entrenamientos despu\u00e9s de ser operado en la p\u00e9lvis el pasado noviembre para sanar la pubalgia. [&hellip;]<\/p>\n","protected":false},"author":1,"featured_media":42065,"comment_status":"open","ping_status":"closed","sticky":false,"template":"","format":"standard","meta":{"footnotes":""},"categories":[3],"tags":[],"class_list":["post-42063","post","type-post","status-publish","format-standard","has-post-thumbnail","hentry","category-deportes"],"_links":{"self":[{"href":"https:\/\/galilaqr.com\/index.php?rest_route=\/wp\/v2\/posts\/42063","targetHints":{"allow":["GET"]}}],"collection":[{"href":"https:\/\/galilaqr.com\/index.php?rest_route=\/wp\/v2\/posts"}],"about":[{"href":"https:\/\/galilaqr.com\/index.php?rest_route=\/wp\/v2\/types\/post"}],"author":[{"embeddable":true,"href":"https:\/\/galilaqr.com\/index.php?rest_route=\/wp\/v2\/users\/1"}],"replies":[{"embeddable":true,"href":"https:\/\/galilaqr.com\/index.php?rest_route=%2Fwp%2Fv2%2Fcomments&post=42063"}],"version-history":[{"count":1,"href":"https:\/\/galilaqr.com\/index.php?rest_route=\/wp\/v2\/posts\/42063\/revisions"}],"predecessor-version":[{"id":42064,"href":"https:\/\/galilaqr.com\/index.php?rest_route=\/wp\/v2\/posts\/42063\/revisions\/42064"}],"wp:featuredmedia":[{"embeddable":true,"href":"https:\/\/galilaqr.com\/index.php?rest_route=\/wp\/v2\/media\/42065"}],"wp:attachment":[{"href":"https:\/\/galilaqr.com\/index.php?rest_route=%2Fwp%2Fv2%2Fmedia&parent=42063"}],"wp:term":[{"taxonomy":"category","embeddable":true,"href":"https:\/\/galilaqr.com\/index.php?rest_route=%2Fwp%2Fv2%2Fcategories&post=42063"},{"taxonomy":"post_tag","embeddable":true,"href":"https:\/\/galilaqr.com\/index.php?rest_route=%2Fwp%2Fv2%2Ftags&post=42063"}],"curies":[{"name":"wp","href":"https:\/\/api.w.org\/{rel}","templated":true}]}}