{"id":42054,"date":"2026-05-02T09:00:14","date_gmt":"2026-05-02T14:00:14","guid":{"rendered":"https:\/\/galilaqr.com\/?p=42054"},"modified":"2026-05-02T23:12:22","modified_gmt":"2026-05-03T04:12:22","slug":"donald-trump-afirma-que-estados-unidos-tomara-el-control-de-cuba-casi-de-inmediato","status":"publish","type":"post","link":"https:\/\/galilaqr.com\/?p=42054","title":{"rendered":"Donald Trump afirma que Estados Unidos tomar\u00e1 el control de Cuba \u00abcasi de inmediato\u00bb"},"content":{"rendered":"<p>\ud83d\udd38 El Presidente advirti\u00f3 que tras \u00abacabar con Ir\u00e1n\u00bb, dirigir\u00e1 a las fuerzas estadunidenses hacia la isla en el Caribe.<\/p>\n<p>#INTERNACIONAL | El presidente de Estados Unidos, Donald Trump, asegur\u00f3 que \u00abtomar\u00e1 el control\u00bb de Cuba \u00abcasi de inmediato\u00bb y a\u00f1adi\u00f3 que primero terminar\u00e1 con el \u00abtrabajo\u00bb en Ir\u00e1n, durante su intervenci\u00f3n como orador principal en una cena privada del Forum Club en West Palm Beach, Florida.<\/p>\n<p>Trump a\u00f1adi\u00f3 que al terminar en Ir\u00e1n podr\u00eda hacer que el portaavioones USS Abraham Lincoln, el m\u00e1s grande del mundo, viaje al Caribe y \u00abse detenga a unos 100 metros de la costa\u00bb de Cuba, desde donde los isle\u00f1os, seg\u00fan su discurso, dir\u00edan \u00abmuchas gracias, nos rendimos\u00bb.<\/p>\n<p>La intervenci\u00f3n del republicano se produjo en una cena pol\u00edtica y empresarial organizada por el Forum Club, un espacio habitual de encuentro en Florida entre l\u00edderes pol\u00edticos, empresarios y figuras p\u00fablicas, donde Trump fue invitado principal en un acto cerrado con asistentes seleccionados.<\/p>\n<p>El viernes 01 de mayo, la administraci\u00f3n Trump redobl\u00f3 las sanciones contra la isla, unas medidas que apuntan a los pilares de la econom\u00eda cubana, especialmente los sectores de energ\u00eda, defensa, miner\u00eda y servicios financieros.<\/p>\n<p>Seg\u00fan la orden ejecutiva firmada hoy, a cualquier persona o empresa que opere en ellos o haga negocios con el gobierno de La Habana se le aplicar\u00e1 el bloqueo total de sus activos en Estados Unidos.<\/p>\n<p>Sobre el bloqueo de activos a pa\u00edses que comercien con la isla, el presidente Miguel D\u00edaz-Canel lanz\u00f3 un comunicado expresando que estas medidas coercitivas \u00abrefuerzan el brutal bloqueo genocida\u00bb contra su pa\u00eds.<\/p>\n<p>\u00abEvidencia de su pobreza moral y del desprecio a la sensibilidad y el sentido com\u00fan de los estadunidenses y de toda la comunidad internacional\u00bb, escribi\u00f3 en su cuenta de X.<\/p>\n<p>Asimismo afirm\u00f3 que Cuba se opone a la excusa de decir que la isla es una amenaza ante Estados Unidos para poder atacarla.<\/p>\n<p>\u00abEl bloqueo y su reforzamiento causan tanto da\u00f1o, debido a la conducta intimidatoria y arrogante de la mayor potencia militar del planeta\u00bb.<\/p>\n<p>Tambi\u00e9n esta semana, el secretario de Estado, Marco Rubio, acus\u00f3 a Cuba de facilitar la presencia de servicios de inteligencia de \u00ablos adversarios\u00bb de Estados Unidos a 90 millas de su territorio, y asegur\u00f3 que la administraci\u00f3n del Presidente no lo tolerar\u00e1.<\/p>\n<p>Por su parte, el Senado rechaz\u00f3 el martes 28 de abril una propuesta dem\u00f3crata para limitar las posibles operaciones militares que Trump pudiera ordenar sobre La Habana.<\/p>\n<p>Desde enero, la administraci\u00f3n Trump ha intensificado la presi\u00f3n sobre La Habana con un bloqueo petrolero y el Presidente ha sugerido en diversas ocasiones la necesidad de un cambio de r\u00e9gimen en la isla.<\/p>\n<p>#DonaldTrump #EstadosUnidos #MiguelD\u00edazCanel #Cuba<\/p>\n","protected":false},"excerpt":{"rendered":"<p>\ud83d\udd38 El Presidente advirti\u00f3 que tras \u00abacabar con Ir\u00e1n\u00bb, dirigir\u00e1 a las fuerzas estadunidenses hacia la isla en el Caribe. #INTERNACIONAL | El presidente de Estados Unidos, Donald Trump, asegur\u00f3 que \u00abtomar\u00e1 el control\u00bb de Cuba \u00abcasi de inmediato\u00bb y a\u00f1adi\u00f3 que primero terminar\u00e1 con el \u00abtrabajo\u00bb en Ir\u00e1n, durante su intervenci\u00f3n como orador principal [&hellip;]<\/p>\n","protected":false},"author":1,"featured_media":42056,"comment_status":"open","ping_status":"closed","sticky":false,"template":"","format":"standard","meta":{"footnotes":""},"categories":[5],"tags":[],"class_list":["post-42054","post","type-post","status-publish","format-standard","has-post-thumbnail","hentry","category-internacional"],"_links":{"self":[{"href":"https:\/\/galilaqr.com\/index.php?rest_route=\/wp\/v2\/posts\/42054","targetHints":{"allow":["GET"]}}],"collection":[{"href":"https:\/\/galilaqr.com\/index.php?rest_route=\/wp\/v2\/posts"}],"about":[{"href":"https:\/\/galilaqr.com\/index.php?rest_route=\/wp\/v2\/types\/post"}],"author":[{"embeddable":true,"href":"https:\/\/galilaqr.com\/index.php?rest_route=\/wp\/v2\/users\/1"}],"replies":[{"embeddable":true,"href":"https:\/\/galilaqr.com\/index.php?rest_route=%2Fwp%2Fv2%2Fcomments&post=42054"}],"version-history":[{"count":1,"href":"https:\/\/galilaqr.com\/index.php?rest_route=\/wp\/v2\/posts\/42054\/revisions"}],"predecessor-version":[{"id":42055,"href":"https:\/\/galilaqr.com\/index.php?rest_route=\/wp\/v2\/posts\/42054\/revisions\/42055"}],"wp:featuredmedia":[{"embeddable":true,"href":"https:\/\/galilaqr.com\/index.php?rest_route=\/wp\/v2\/media\/42056"}],"wp:attachment":[{"href":"https:\/\/galilaqr.com\/index.php?rest_route=%2Fwp%2Fv2%2Fmedia&parent=42054"}],"wp:term":[{"taxonomy":"category","embeddable":true,"href":"https:\/\/galilaqr.com\/index.php?rest_route=%2Fwp%2Fv2%2Fcategories&post=42054"},{"taxonomy":"post_tag","embeddable":true,"href":"https:\/\/galilaqr.com\/index.php?rest_route=%2Fwp%2Fv2%2Ftags&post=42054"}],"curies":[{"name":"wp","href":"https:\/\/api.w.org\/{rel}","templated":true}]}}